{"id":3420,"date":"2019-08-10T15:02:12","date_gmt":"2019-08-10T15:02:12","guid":{"rendered":"https:\/\/glynisgermancelebrant.com\/?p=3420"},"modified":"2019-08-10T15:04:35","modified_gmt":"2019-08-10T15:04:35","slug":"escogiendo-el-nombre-del-bebe","status":"publish","type":"post","link":"https:\/\/glynisgermancelebrant.com\/es\/escogiendo-el-nombre-del-bebe\/","title":{"rendered":"\u00a1Escogiendo el nombre del beb\u00e9!"},"content":{"rendered":"<p>\u00bfC\u00f3mo empieza uno a escoger un nombre para una vida que todav\u00eda no ha nacido? Este ha de ser uno de los momentos m\u00e1s emocionantes del embarazo, \u00a1cuando los nombres se lanzan al aire como el confetti de tu boda!<\/p>\n<p>Recuerdo que durante mi primer embarazo estaba convencida que iba a tener una ni\u00f1a, y encima me hab\u00eda negado a que nadie me dijera qu\u00e9 iba a tener. C\u00f3mo sab\u00eda que iba a ser ni\u00f1a me invent\u00e9 nombres, aunque nunca hab\u00eda conocido a ninguna ni\u00f1a con un nombre c\u00f3mo aquellos. Serenidad o Bendici\u00f3n me parec\u00edan los nombres perfectos para mi nenita, \u00a1que ser\u00eda una versi\u00f3n mejorada de m\u00ed! Como plan B, para nombre de ni\u00f1o eleg\u00ed Theophilus, \u00a1Theo para los amigos!<\/p>\n<p>Claro est\u00e1, estos nombres estuvieron presentes durante muchos meses de embarazo, \u00a1y todo el mundo pensaba que estaba loca! Imagino que se deb\u00eda a las hormonas porque yo pensaba que eran opciones muy aceptables. A pesar de todo, un par de d\u00edas antes del nacimiento de mi primog\u00e9nito, me decid\u00ed por Noah \u00c1ngel, ya que \u00c1ngel es nombre de chico en espa\u00f1ol. La familia y los amigos soltaron un suspiro de alivio tan pronto como fueron informados.<\/p>\n<p>El beb\u00e9 naci\u00f3 una noche un par de d\u00edas despu\u00e9s de que alguien me dijera que hab\u00eda predecido la fecha y el sexo, dando en el clavo. Lleg\u00f3 al mundo, en casa, de manera perfecta. Junto a la madre parturienta y al padre estaban el matr\u00f3n, su asistente \u00a1y una muy buena y loca amiga australiana, Anna! Noah naci\u00f3 de parto natural, \u00a1y jam\u00e1s he o\u00eddo un silencio tan profundo! Entonces&#8230; anunci\u00f3 su llegada a trav\u00e9s del sonido y \u00a1yo descubr\u00ed que hab\u00eda tenido un ni\u00f1o!<\/p>\n<p>En cuanto a mi segundo hijo, \u00a1ni hubo nombre ni supimos lo que esper\u00e1bamos en todo el embarazo! Ni siquiera me preocup\u00e9 del tema de los nombres ya que sab\u00eda que tendr\u00eda m\u00e1s que suficiente tiempo de encontrar uno. Sin embargo, decidi\u00f3 presentarse dos semanas antes de tiempo, con lo que sal\u00ed corriendo hacia la casa del matr\u00f3n, y en cuanto llegu\u00e9, el beb\u00e9 lleg\u00f3 tambi\u00e9n. Todo un r\u00e9cord de 20 minutos, y demasiado r\u00e1pido para ser divertido. Era diminuto y su llegada nos pill\u00f3 a todos por sorpresa. Como era tarde se nos aconsej\u00f3 que nos qued\u00e1ramos esa noche en vez de volver a casa. La fecha del nacimiento fue el d\u00eda despu\u00e9s de la ca\u00edda de las torres gemelas, y Mikel, el matr\u00f3n, hab\u00eda asistido en el parto de tres beb\u00e9s m\u00e1s en las 24 horas anteriores, dado que el mundo estaba en un estado tumultuoso. Por cierto, nadie te dice lo que sucede en un segundo o tercer parto, pero yo me pas\u00e9 la mayor parte de la noche despierta y por lo tanto tuve tiempo de sacarme de la manga un par de nombres antes del amanecer.<\/p>\n<p>Justo antes de la salida del sol el nombre surgi\u00f3 y Pau, que significa paz, fu\u00e9 la opci\u00f3n l\u00f3gica teniendo en cuenta lo que hab\u00eda sucedido en Am\u00e9rica en las 48 horas precedentes. Cuando, m\u00e1s adelante por la ma\u00f1ana, les dije el nombre a los dem\u00e1s por primera vez, fu\u00e9 recibido con asentimientos de cabeza, felicidad y sonrisas, ya que esta diminuta criatura de tan solo 2,1 kgs hab\u00eda nacido, figurativamente, portando regalos bajo su brazo.<\/p>\n<p>Un par de d\u00edas m\u00e1s tarde, hablando con mi madre por tel\u00e9fono, o\u00ed hablar por primera vez de los ni\u00f1os \u00ecndigo. Este fu\u00e9 su segundo nombre, aunque hay que decir que el juez de paz del ayuntamiento que le registr\u00f3 arque\u00f3 las cejas. Su nombre es Pau Indigo y yo asegur\u00e9 que es el nuevo ni\u00f1o de nuestros tiempos.<\/p>\n<p>Sea cual sea el nombre que escojas para tu beb\u00e9, la decisi\u00f3n es tuya. Puede llevar el nombre de un ser querido que ya no est\u00e1, y cuya memoria y cualidades decidas recordar a trav\u00e9s de su nombre. O quiz\u00e1s te agrade el sonido de algo diferente para tus o\u00eddos, y descubras que el significado es especial para ti. Una vez que hayas encontrado un nombre, disfr\u00fatalo, y con un poco de suerte tu hijo te lo agradecer\u00e1. Aunque mi nombre no haya sido nunca moderno, sino bastante anticuado, siempre estar\u00e9 agradecida a mis padres por haberlo elegido. \u00a1Todav\u00eda estoy por conocer otra Glynis Catrin German en alg\u00fan lugar del planeta!<\/p>\n","protected":false},"excerpt":{"rendered":"<p>\u00bfC\u00f3mo empieza uno a escoger un nombre para una vida que todav\u00eda no ha nacido? Este ha de ser uno de los momentos m\u00e1s emocionantes del embarazo, \u00a1cuando los nombres se lanzan al aire como el confetti de tu boda! Recuerdo que durante mi primer embarazo estaba convencida que iba a tener una ni\u00f1a, y [&hellip;]<\/p>\n","protected":false},"author":1,"featured_media":3423,"comment_status":"open","ping_status":"open","sticky":false,"template":"","format":"standard","meta":{"_et_pb_use_builder":"","_et_pb_old_content":"","_et_gb_content_width":"","footnotes":""},"categories":[57,19],"tags":[],"yoast_head":"<!-- This site is optimized with the Yoast SEO plugin v22.1 - https:\/\/yoast.com\/wordpress\/plugins\/seo\/ -->\n<title>\u00a1Escogiendo el nombre del beb\u00e9! - Glynis German - Mallorca Celebrant Ceremonies<\/title>\n<meta name=\"robots\" content=\"index, follow, max-snippet:-1, max-image-preview:large, max-video-preview:-1\" \/>\n<link rel=\"canonical\" href=\"https:\/\/glynisgermancelebrant.com\/es\/escogiendo-el-nombre-del-bebe\/\" \/>\n<meta property=\"og:locale\" content=\"es_ES\" \/>\n<meta property=\"og:type\" content=\"article\" \/>\n<meta property=\"og:title\" content=\"\u00a1Escogiendo el nombre del beb\u00e9! - Glynis German - Mallorca Celebrant Ceremonies\" \/>\n<meta property=\"og:description\" content=\"\u00bfC\u00f3mo empieza uno a escoger un nombre para una vida que todav\u00eda no ha nacido? Este ha de ser uno de los momentos m\u00e1s emocionantes del embarazo, \u00a1cuando los nombres se lanzan al aire como el confetti de tu boda! Recuerdo que durante mi primer embarazo estaba convencida que iba a tener una ni\u00f1a, y [&hellip;]\" \/>\n<meta property=\"og:url\" content=\"https:\/\/glynisgermancelebrant.com\/es\/escogiendo-el-nombre-del-bebe\/\" \/>\n<meta property=\"og:site_name\" content=\"Glynis German - Mallorca Celebrant Ceremonies\" \/>\n<meta property=\"article:published_time\" content=\"2019-08-10T15:02:12+00:00\" \/>\n<meta property=\"article:modified_time\" content=\"2019-08-10T15:04:35+00:00\" \/>\n<meta property=\"og:image\" content=\"https:\/\/glynisgermancelebrant.com\/wp-content\/uploads\/2019\/06\/baby-naming-ceremony-celebrant.jpeg\" \/>\n\t<meta property=\"og:image:width\" content=\"1600\" \/>\n\t<meta property=\"og:image:height\" content=\"1067\" \/>\n\t<meta property=\"og:image:type\" content=\"image\/jpeg\" \/>\n<meta name=\"author\" content=\"Clkaa\" \/>\n<meta name=\"twitter:card\" content=\"summary_large_image\" \/>\n<meta name=\"twitter:label1\" content=\"Escrito por\" \/>\n\t<meta name=\"twitter:data1\" content=\"Clkaa\" \/>\n\t<meta name=\"twitter:label2\" content=\"Tiempo de lectura\" \/>\n\t<meta name=\"twitter:data2\" content=\"4 minutos\" \/>\n<script type=\"application\/ld+json\" class=\"yoast-schema-graph\">{\"@context\":\"https:\/\/schema.org\",\"@graph\":[{\"@type\":\"WebPage\",\"@id\":\"https:\/\/glynisgermancelebrant.com\/es\/escogiendo-el-nombre-del-bebe\/\",\"url\":\"https:\/\/glynisgermancelebrant.com\/es\/escogiendo-el-nombre-del-bebe\/\",\"name\":\"\u00a1Escogiendo el nombre del beb\u00e9! - Glynis German - Mallorca Celebrant Ceremonies\",\"isPartOf\":{\"@id\":\"https:\/\/glynisgermancelebrant.com\/es\/#website\"},\"datePublished\":\"2019-08-10T15:02:12+00:00\",\"dateModified\":\"2019-08-10T15:04:35+00:00\",\"author\":{\"@id\":\"https:\/\/glynisgermancelebrant.com\/es\/#\/schema\/person\/72b42ec6a35a51268bee4b590ff7695f\"},\"breadcrumb\":{\"@id\":\"https:\/\/glynisgermancelebrant.com\/es\/escogiendo-el-nombre-del-bebe\/#breadcrumb\"},\"inLanguage\":\"es\",\"potentialAction\":[{\"@type\":\"ReadAction\",\"target\":[\"https:\/\/glynisgermancelebrant.com\/es\/escogiendo-el-nombre-del-bebe\/\"]}]},{\"@type\":\"BreadcrumbList\",\"@id\":\"https:\/\/glynisgermancelebrant.com\/es\/escogiendo-el-nombre-del-bebe\/#breadcrumb\",\"itemListElement\":[{\"@type\":\"ListItem\",\"position\":1,\"name\":\"Home\",\"item\":\"https:\/\/glynisgermancelebrant.com\/es\/\"},{\"@type\":\"ListItem\",\"position\":2,\"name\":\"\u00a1Escogiendo el nombre del beb\u00e9!\"}]},{\"@type\":\"WebSite\",\"@id\":\"https:\/\/glynisgermancelebrant.com\/es\/#website\",\"url\":\"https:\/\/glynisgermancelebrant.com\/es\/\",\"name\":\"Glynis German - Mallorca Celebrant Ceremonies\",\"description\":\"Making Memorable Ceremonies\",\"potentialAction\":[{\"@type\":\"SearchAction\",\"target\":{\"@type\":\"EntryPoint\",\"urlTemplate\":\"https:\/\/glynisgermancelebrant.com\/es\/?s={search_term_string}\"},\"query-input\":\"required name=search_term_string\"}],\"inLanguage\":\"es\"},{\"@type\":\"Person\",\"@id\":\"https:\/\/glynisgermancelebrant.com\/es\/#\/schema\/person\/72b42ec6a35a51268bee4b590ff7695f\",\"name\":\"Clkaa\",\"image\":{\"@type\":\"ImageObject\",\"inLanguage\":\"es\",\"@id\":\"https:\/\/glynisgermancelebrant.com\/es\/#\/schema\/person\/image\/\",\"url\":\"https:\/\/secure.gravatar.com\/avatar\/80954877ac9aef7959e04bf4a0167aaf?s=96&d=mm&r=g\",\"contentUrl\":\"https:\/\/secure.gravatar.com\/avatar\/80954877ac9aef7959e04bf4a0167aaf?s=96&d=mm&r=g\",\"caption\":\"Clkaa\"},\"url\":\"https:\/\/glynisgermancelebrant.com\/es\/author\/clkaa\/\"}]}<\/script>\n<!-- \/ Yoast SEO plugin. -->","yoast_head_json":{"title":"\u00a1Escogiendo el nombre del beb\u00e9! - Glynis German - Mallorca Celebrant Ceremonies","robots":{"index":"index","follow":"follow","max-snippet":"max-snippet:-1","max-image-preview":"max-image-preview:large","max-video-preview":"max-video-preview:-1"},"canonical":"https:\/\/glynisgermancelebrant.com\/es\/escogiendo-el-nombre-del-bebe\/","og_locale":"es_ES","og_type":"article","og_title":"\u00a1Escogiendo el nombre del beb\u00e9! - Glynis German - Mallorca Celebrant Ceremonies","og_description":"\u00bfC\u00f3mo empieza uno a escoger un nombre para una vida que todav\u00eda no ha nacido? Este ha de ser uno de los momentos m\u00e1s emocionantes del embarazo, \u00a1cuando los nombres se lanzan al aire como el confetti de tu boda! Recuerdo que durante mi primer embarazo estaba convencida que iba a tener una ni\u00f1a, y [&hellip;]","og_url":"https:\/\/glynisgermancelebrant.com\/es\/escogiendo-el-nombre-del-bebe\/","og_site_name":"Glynis German - Mallorca Celebrant Ceremonies","article_published_time":"2019-08-10T15:02:12+00:00","article_modified_time":"2019-08-10T15:04:35+00:00","og_image":[{"width":1600,"height":1067,"url":"https:\/\/glynisgermancelebrant.com\/wp-content\/uploads\/2019\/06\/baby-naming-ceremony-celebrant.jpeg","type":"image\/jpeg"}],"author":"Clkaa","twitter_card":"summary_large_image","twitter_misc":{"Escrito por":"Clkaa","Tiempo de lectura":"4 minutos"},"schema":{"@context":"https:\/\/schema.org","@graph":[{"@type":"WebPage","@id":"https:\/\/glynisgermancelebrant.com\/es\/escogiendo-el-nombre-del-bebe\/","url":"https:\/\/glynisgermancelebrant.com\/es\/escogiendo-el-nombre-del-bebe\/","name":"\u00a1Escogiendo el nombre del beb\u00e9! - Glynis German - Mallorca Celebrant Ceremonies","isPartOf":{"@id":"https:\/\/glynisgermancelebrant.com\/es\/#website"},"datePublished":"2019-08-10T15:02:12+00:00","dateModified":"2019-08-10T15:04:35+00:00","author":{"@id":"https:\/\/glynisgermancelebrant.com\/es\/#\/schema\/person\/72b42ec6a35a51268bee4b590ff7695f"},"breadcrumb":{"@id":"https:\/\/glynisgermancelebrant.com\/es\/escogiendo-el-nombre-del-bebe\/#breadcrumb"},"inLanguage":"es","potentialAction":[{"@type":"ReadAction","target":["https:\/\/glynisgermancelebrant.com\/es\/escogiendo-el-nombre-del-bebe\/"]}]},{"@type":"BreadcrumbList","@id":"https:\/\/glynisgermancelebrant.com\/es\/escogiendo-el-nombre-del-bebe\/#breadcrumb","itemListElement":[{"@type":"ListItem","position":1,"name":"Home","item":"https:\/\/glynisgermancelebrant.com\/es\/"},{"@type":"ListItem","position":2,"name":"\u00a1Escogiendo el nombre del beb\u00e9!"}]},{"@type":"WebSite","@id":"https:\/\/glynisgermancelebrant.com\/es\/#website","url":"https:\/\/glynisgermancelebrant.com\/es\/","name":"Glynis German - Mallorca Celebrant Ceremonies","description":"Making Memorable Ceremonies","potentialAction":[{"@type":"SearchAction","target":{"@type":"EntryPoint","urlTemplate":"https:\/\/glynisgermancelebrant.com\/es\/?s={search_term_string}"},"query-input":"required name=search_term_string"}],"inLanguage":"es"},{"@type":"Person","@id":"https:\/\/glynisgermancelebrant.com\/es\/#\/schema\/person\/72b42ec6a35a51268bee4b590ff7695f","name":"Clkaa","image":{"@type":"ImageObject","inLanguage":"es","@id":"https:\/\/glynisgermancelebrant.com\/es\/#\/schema\/person\/image\/","url":"https:\/\/secure.gravatar.com\/avatar\/80954877ac9aef7959e04bf4a0167aaf?s=96&d=mm&r=g","contentUrl":"https:\/\/secure.gravatar.com\/avatar\/80954877ac9aef7959e04bf4a0167aaf?s=96&d=mm&r=g","caption":"Clkaa"},"url":"https:\/\/glynisgermancelebrant.com\/es\/author\/clkaa\/"}]}},"_links":{"self":[{"href":"https:\/\/glynisgermancelebrant.com\/es\/wp-json\/wp\/v2\/posts\/3420"}],"collection":[{"href":"https:\/\/glynisgermancelebrant.com\/es\/wp-json\/wp\/v2\/posts"}],"about":[{"href":"https:\/\/glynisgermancelebrant.com\/es\/wp-json\/wp\/v2\/types\/post"}],"author":[{"embeddable":true,"href":"https:\/\/glynisgermancelebrant.com\/es\/wp-json\/wp\/v2\/users\/1"}],"replies":[{"embeddable":true,"href":"https:\/\/glynisgermancelebrant.com\/es\/wp-json\/wp\/v2\/comments?post=3420"}],"version-history":[{"count":2,"href":"https:\/\/glynisgermancelebrant.com\/es\/wp-json\/wp\/v2\/posts\/3420\/revisions"}],"predecessor-version":[{"id":3422,"href":"https:\/\/glynisgermancelebrant.com\/es\/wp-json\/wp\/v2\/posts\/3420\/revisions\/3422"}],"wp:featuredmedia":[{"embeddable":true,"href":"https:\/\/glynisgermancelebrant.com\/es\/wp-json\/wp\/v2\/media\/3423"}],"wp:attachment":[{"href":"https:\/\/glynisgermancelebrant.com\/es\/wp-json\/wp\/v2\/media?parent=3420"}],"wp:term":[{"taxonomy":"category","embeddable":true,"href":"https:\/\/glynisgermancelebrant.com\/es\/wp-json\/wp\/v2\/categories?post=3420"},{"taxonomy":"post_tag","embeddable":true,"href":"https:\/\/glynisgermancelebrant.com\/es\/wp-json\/wp\/v2\/tags?post=3420"}],"curies":[{"name":"wp","href":"https:\/\/api.w.org\/{rel}","templated":true}]}}